{"id":1154,"date":"2019-08-27T14:29:20","date_gmt":"2019-08-27T14:29:20","guid":{"rendered":"http:\/\/verlag-siebzehn.de\/?p=1154"},"modified":"2026-02-25T14:33:19","modified_gmt":"2026-02-25T14:33:19","slug":"inti-guaschino-bilder","status":"publish","type":"post","link":"https:\/\/verlag-siebzehn.de\/?p=1154","title":{"rendered":"KUNST &#8211; EDITION 17"},"content":{"rendered":"\n<figure class=\"wp-block-image alignnone size-large wp-image-1181\"><img decoding=\"async\" loading=\"lazy\" width=\"1024\" height=\"818\" src=\"https:\/\/verlag-siebzehn.de\/wp-content\/uploads\/2019\/08\/Ulrich-Poessnecker-Acryl-Ge\u00e4st-von-2020-1024x818.jpg\" alt=\"Ulrich Poessnecker, &quot;Ge\u00e4st&quot; 2020.\" class=\"wp-image-1181\" srcset=\"https:\/\/verlag-siebzehn.de\/wp-content\/uploads\/2019\/08\/Ulrich-Poessnecker-Acryl-Ge\u00e4st-von-2020-1024x818.jpg 1024w, https:\/\/verlag-siebzehn.de\/wp-content\/uploads\/2019\/08\/Ulrich-Poessnecker-Acryl-Ge\u00e4st-von-2020-300x240.jpg 300w\" sizes=\"(max-width: 1024px) 100vw, 1024px\" \/><figcaption class=\"wp-element-caption\">Ulrich Poessnecker, &#8222;Ge\u00e4st&#8220;.&nbsp;Aus der Edition 17, Format: 120 cm x 95 cm. EUR 400,-<\/figcaption><\/figure>\n\n\n\n<p>Mit der Original &#8211; Gem\u00e4ldereplik &#8222;Ge\u00e4st&#8220; startet das Grafikprogramm des Verlags.In unregelm\u00e4\u00dfiger Abfolge erscheinen weitere hochwertige Werke als streng limitierte Auflagen oder Einzelexemplare. Die Bilder sind alle auf Malerleinwand gedruckt, auf Holzkeilrahmen aufgezogen, nicht gerahmt. Die Bilder der Edition besitzen die Aura der Originale, da sie handwerklich und zugleich mit moderner Technik gefertigt sind. Die Bildoberfl\u00e4che erh\u00e4lt eine abschlie\u00dfende und sch\u00fctzende Behandlung mit Lascaux 3UV Firnis. Jedes Bild ist somit handgefertigt, signiert und datiert.  <\/p>\n\n\n\n<figure class=\"wp-block-image size-large\"><a href=\"https:\/\/verlag-siebzehn.de\/wp-content\/uploads\/2026\/02\/Ruth-Sedo-Strandgut-Replik-2022.png\"><img decoding=\"async\" loading=\"lazy\" width=\"1024\" height=\"678\" src=\"https:\/\/verlag-siebzehn.de\/wp-content\/uploads\/2026\/02\/Ruth-Sedo-Strandgut-Replik-2022-1024x678.png\" alt=\"\" class=\"wp-image-1310\" srcset=\"https:\/\/verlag-siebzehn.de\/wp-content\/uploads\/2026\/02\/Ruth-Sedo-Strandgut-Replik-2022-1024x678.png 1024w, https:\/\/verlag-siebzehn.de\/wp-content\/uploads\/2026\/02\/Ruth-Sedo-Strandgut-Replik-2022-300x199.png 300w, https:\/\/verlag-siebzehn.de\/wp-content\/uploads\/2026\/02\/Ruth-Sedo-Strandgut-Replik-2022-768x508.png 768w, https:\/\/verlag-siebzehn.de\/wp-content\/uploads\/2026\/02\/Ruth-Sedo-Strandgut-Replik-2022-1536x1017.png 1536w, https:\/\/verlag-siebzehn.de\/wp-content\/uploads\/2026\/02\/Ruth-Sedo-Strandgut-Replik-2022-2048x1356.png 2048w\" sizes=\"(max-width: 1024px) 100vw, 1024px\" \/><\/a><figcaption class=\"wp-element-caption\">Ruth Sedo, &#8222;Strandgut&#8220; Aus der Edition 17, Format: 100 x 70 cm, Einzelst\u00fcck, EUR 400,-<\/figcaption><\/figure>\n\n\n\n<p>Bestellungen, Anfragen unter: <a href=\"http:\/\/atelier-poessnecker.de\">http:\/\/atelier-poessnecker.de<\/a><\/p>\n\n\n\n<p>&nbsp;<\/p>\n\n\n\n<figure class=\"wp-block-image size-large is-resized\"><a href=\"https:\/\/verlag-siebzehn.de\/wp-content\/uploads\/2026\/02\/Verlag-17-Logo-2025-scaled.jpeg\"><img decoding=\"async\" loading=\"lazy\" src=\"https:\/\/verlag-siebzehn.de\/wp-content\/uploads\/2026\/02\/Verlag-17-Logo-2025-1024x441.jpeg\" alt=\"\" class=\"wp-image-1311\" width=\"221\" height=\"95\" srcset=\"https:\/\/verlag-siebzehn.de\/wp-content\/uploads\/2026\/02\/Verlag-17-Logo-2025-1024x441.jpeg 1024w, https:\/\/verlag-siebzehn.de\/wp-content\/uploads\/2026\/02\/Verlag-17-Logo-2025-300x129.jpeg 300w, https:\/\/verlag-siebzehn.de\/wp-content\/uploads\/2026\/02\/Verlag-17-Logo-2025-768x331.jpeg 768w, https:\/\/verlag-siebzehn.de\/wp-content\/uploads\/2026\/02\/Verlag-17-Logo-2025-1536x662.jpeg 1536w, https:\/\/verlag-siebzehn.de\/wp-content\/uploads\/2026\/02\/Verlag-17-Logo-2025-2048x883.jpeg 2048w\" sizes=\"(max-width: 221px) 100vw, 221px\" \/><\/a><\/figure>\n","protected":false},"excerpt":{"rendered":"<p>Mit der Original &#8211; Gem\u00e4ldereplik &#8222;Ge\u00e4st&#8220; startet das Grafikprogramm des Verlags.In unregelm\u00e4\u00dfiger Abfolge erscheinen weitere hochwertige Werke als streng limitierte Auflagen oder Einzelexemplare. Die Bilder sind alle auf Malerleinwand gedruckt, auf Holzkeilrahmen aufgezogen, nicht gerahmt. Die Bilder der Edition besitzen die Aura der Originale, da sie handwerklich und zugleich mit moderner Technik gefertigt sind. Die &#8230; <span class=\"more\"><a class=\"more-link\" href=\"https:\/\/verlag-siebzehn.de\/?p=1154\">[Read more&#8230;]<\/a><\/span><\/p>\n","protected":false},"author":1,"featured_media":0,"comment_status":"closed","ping_status":"closed","sticky":false,"template":"","format":"standard","meta":[],"categories":[171],"tags":[173,169,172,166,30],"_links":{"self":[{"href":"https:\/\/verlag-siebzehn.de\/index.php?rest_route=\/wp\/v2\/posts\/1154"}],"collection":[{"href":"https:\/\/verlag-siebzehn.de\/index.php?rest_route=\/wp\/v2\/posts"}],"about":[{"href":"https:\/\/verlag-siebzehn.de\/index.php?rest_route=\/wp\/v2\/types\/post"}],"author":[{"embeddable":true,"href":"https:\/\/verlag-siebzehn.de\/index.php?rest_route=\/wp\/v2\/users\/1"}],"replies":[{"embeddable":true,"href":"https:\/\/verlag-siebzehn.de\/index.php?rest_route=%2Fwp%2Fv2%2Fcomments&post=1154"}],"version-history":[{"count":10,"href":"https:\/\/verlag-siebzehn.de\/index.php?rest_route=\/wp\/v2\/posts\/1154\/revisions"}],"predecessor-version":[{"id":1392,"href":"https:\/\/verlag-siebzehn.de\/index.php?rest_route=\/wp\/v2\/posts\/1154\/revisions\/1392"}],"wp:attachment":[{"href":"https:\/\/verlag-siebzehn.de\/index.php?rest_route=%2Fwp%2Fv2%2Fmedia&parent=1154"}],"wp:term":[{"taxonomy":"category","embeddable":true,"href":"https:\/\/verlag-siebzehn.de\/index.php?rest_route=%2Fwp%2Fv2%2Fcategories&post=1154"},{"taxonomy":"post_tag","embeddable":true,"href":"https:\/\/verlag-siebzehn.de\/index.php?rest_route=%2Fwp%2Fv2%2Ftags&post=1154"}],"curies":[{"name":"wp","href":"https:\/\/api.w.org\/{rel}","templated":true}]}}